[{"@context":"https:\/\/schema.org\/","@type":"Article","@id":"https:\/\/www.fragra.cz\/sjednejte-si-konzultace\/#Article","mainEntityOfPage":"https:\/\/www.fragra.cz\/sjednejte-si-konzultace\/","headline":"Sjednejte si konzultace","name":"Sjednejte si konzultace","description":"Hodila by se v\u00e1m n\u011bjak\u00e1 konzultace v oblasti IT (ICT)? Chcete roz\u0161\u00ed\u0159it sv\u00e9 znalosti, a to od \u010dlov\u011bka, kter\u00fd se t\u00e9to oblasti v\u011bnuje ji\u017e dlouh\u00e1 l\u00e9ta? Jestli\u017ee ano, pak m\u00e1te b\u00e1je\u010dnou mo\u017enost vyu\u017e\u00edt slu\u017eby pana Radka Bene\u0161e, kter\u00fd se po\u010d\u00edta\u010di zab\u00fdv\u00e1 ji\u017e n\u011bkolik let. Za dobu sv\u00e9 praxe stihnul nasb\u00edrat mnoho zku\u0161enost\u00ed, a proto m\u016f\u017ee [&hellip;]","datePublished":"2024-10-23","dateModified":"2024-10-23","author":{"@type":"Person","@id":"https:\/\/www.fragra.cz\/author\/#Person","name":"","url":"https:\/\/www.fragra.cz\/author\/","identifier":1,"image":{"@type":"ImageObject","@id":"https:\/\/secure.gravatar.com\/avatar\/93f351f97d5e20a41105810347d62b8b573eebe9313df1f71432877ed17f5f1a?s=96&d=mm&r=g","url":"https:\/\/secure.gravatar.com\/avatar\/93f351f97d5e20a41105810347d62b8b573eebe9313df1f71432877ed17f5f1a?s=96&d=mm&r=g","height":96,"width":96}},"publisher":{"@type":"Organization","name":"fragra.cz","logo":{"@type":"ImageObject","@id":"\/logo.png","url":"\/logo.png","width":600,"height":60}},"url":"https:\/\/www.fragra.cz\/sjednejte-si-konzultace\/","wordCount":252,"articleBody":"Hodila by se v\u00e1m n\u011bjak\u00e1 konzultace v oblasti IT (ICT)? Chcete roz\u0161\u00ed\u0159it sv\u00e9 znalosti, a to od \u010dlov\u011bka, kter\u00fd se t\u00e9to oblasti v\u011bnuje ji\u017e dlouh\u00e1 l\u00e9ta? Jestli\u017ee ano, pak m\u00e1te b\u00e1je\u010dnou mo\u017enost vyu\u017e\u00edt slu\u017eby pana Radka Bene\u0161e, kter\u00fd se po\u010d\u00edta\u010di zab\u00fdv\u00e1 ji\u017e n\u011bkolik let. Za dobu sv\u00e9 praxe stihnul nasb\u00edrat mnoho zku\u0161enost\u00ed, a proto m\u016f\u017ee pomoci p\u0159i \u0159e\u0161en\u00ed nejr\u016fzn\u011bj\u0161\u00edch probl\u00e9m\u016f, nesn\u00e1z\u00ed \u010di t\u0159eba spor\u016f. Na slu\u017eby tohoto \u010dlov\u011bka se m\u016f\u017eete pln\u011b spolehnout, nebo\u0165 nab\u00edz\u00ed opravdu kvalitn\u00ed p\u0159\u00edstup, bez kter\u00e9ho by to v dne\u0161n\u00ed dob\u011b v\u016fbec ne\u0161lo.\tPomoc, kter\u00e1 se v\u00e1m bude hoditKdy\u017e \u0159e\u0161\u00edte nejr\u016fzn\u011bj\u0161\u00ed probl\u00e9my, jist\u011b by se v\u00e1m hodil \u010dlov\u011bk, kter\u00fd dan\u00e9mu probl\u00e9mu rozum\u00ed a m\u016f\u017ee vyj\u00e1d\u0159it sv\u016fj n\u00e1zor. P\u0159esn\u011b tohle soudn\u00ed znalec IT ICT je. Vy m\u00e1te tu v\u00fdhodu, \u017ee jste si tohoto odborn\u00edka na\u0161li a m\u016f\u017eete jej kontaktovat. To je tak\u00e9 to, co byste m\u011bli ud\u011blat, nebo\u0165 jeho slu\u017eby se v\u00e1m vyplat\u00ed. Sta\u010d\u00ed jen n\u011bkolik des\u00edtek minut s t\u00edmto odborn\u00edkem a naprosto v\u0161e, co jste pot\u0159ebovali objasnit, vysv\u011btlit a podobn\u011b, bude rozuzleno, co\u017e je b\u00e1je\u010dn\u00e1 zpr\u00e1va pro n\u011bkoho, kdo pot\u0159ebuje poradit.                                                                                                                                                                                                                                                                                                                                                                                        4.7\/5 - (4 votes)        "},{"@context":"https:\/\/schema.org\/","@type":"BreadcrumbList","itemListElement":[{"@type":"ListItem","position":1,"name":"Sjednejte si konzultace","item":"https:\/\/www.fragra.cz\/sjednejte-si-konzultace\/#breadcrumbitem"}]}]