[{"@context":"https:\/\/schema.org\/","@type":"Article","@id":"https:\/\/www.fragra.cz\/pevne-nite\/#Article","mainEntityOfPage":"https:\/\/www.fragra.cz\/pevne-nite\/","headline":"Pevn\u00e9 nit\u011b","name":"Pevn\u00e9 nit\u011b","description":"V\u0161ichni v\u00edme, \u017ee n\u011bkdy m\u00e1me takovou tvo\u0159ivou n\u00e1ladu, kdybychom v\u0161ichni cht\u011bli n\u011bco vyr\u00e1b\u011bt anebo n\u011bco \u0161\u00edt. A j\u00e1 na tom jsem podobn\u011b. Proto\u017ee u\u017e jako mal\u00e1 holka jsem si velice moc r\u00e1da vy\u0161\u00edvala anebo \u0161ila tak\u00e9 r\u016fzn\u00e9 obrazce. A jako mal\u00e1 jsem tak\u00e9 chodila do krou\u017eku, kde jsme si v\u017edycky n\u011bco vy\u0161\u00edvali. A mus\u00edm uznat, [&hellip;]","datePublished":"2023-04-15","dateModified":"2023-05-19","author":{"@type":"Person","@id":"https:\/\/www.fragra.cz\/author\/#Person","name":"","url":"https:\/\/www.fragra.cz\/author\/","identifier":1,"image":{"@type":"ImageObject","@id":"https:\/\/secure.gravatar.com\/avatar\/93f351f97d5e20a41105810347d62b8b573eebe9313df1f71432877ed17f5f1a?s=96&d=mm&r=g","url":"https:\/\/secure.gravatar.com\/avatar\/93f351f97d5e20a41105810347d62b8b573eebe9313df1f71432877ed17f5f1a?s=96&d=mm&r=g","height":96,"width":96}},"publisher":{"@type":"Organization","name":"fragra.cz","logo":{"@type":"ImageObject","@id":"\/logo.png","url":"\/logo.png","width":600,"height":60}},"image":{"@type":"ImageObject","@id":"https:\/\/www.fragra.cz\/wp-content\/uploads\/lamb-19082_960_720.jpg","url":"https:\/\/www.fragra.cz\/wp-content\/uploads\/lamb-19082_960_720.jpg","height":0,"width":0},"url":"https:\/\/www.fragra.cz\/pevne-nite\/","about":["Produkty"],"wordCount":442,"articleBody":"      V\u0161ichni v\u00edme, \u017ee n\u011bkdy m\u00e1me takovou tvo\u0159ivou n\u00e1ladu, kdybychom v\u0161ichni cht\u011bli n\u011bco vyr\u00e1b\u011bt anebo n\u011bco \u0161\u00edt. A j\u00e1 na tom jsem podobn\u011b. Proto\u017ee u\u017e jako mal\u00e1 holka jsem si velice moc r\u00e1da vy\u0161\u00edvala anebo \u0161ila tak\u00e9 r\u016fzn\u00e9 obrazce. A jako mal\u00e1 jsem tak\u00e9 chodila do krou\u017eku, kde jsme si v\u017edycky n\u011bco vy\u0161\u00edvali. A mus\u00edm uznat, \u017ee m\u011b to opravdu hodn\u011b bavilo a tak\u00e9 m\u011b t\u011b\u0161\u00ed, \u017ee m\u011b moje maminka nechala do tohoto krou\u017eku \u0161it\u00ed a vy\u0161\u00edv\u00e1n\u00ed a tak\u00e9 pleten\u00ed chodit. I kdy\u017e to byl velice drah\u00fd krou\u017eek, kde maminka nechala za m\u011b opravdu hodn\u011b pen\u011bz, tak i p\u0159esto m\u011b nechala tam chodit.T\u011b\u0161ilo m\u011b to a j\u00e1 jsem potom d\u011bkovala v\u0161em okolo, \u017ee jsem si mohla tak\u00e9 sama sob\u011b vy\u0161\u00edvat r\u016fzn\u00e9 oble\u010den\u00ed anebo pl\u00e9st tak\u00e9 tepl\u00e9 svetry. Vy si mo\u017en\u00e1 \u0159\u00edk\u00e1te, \u017ee takhle mal\u00e9 d\u011bti v\u017edycky maj\u00ed n\u011bco d\u011blat, \u017ee je to dobr\u00e9 pro jin\u00fdch rozvoj a tak\u00e9 pro jejich tvo\u0159ivost. J\u00e1 s v\u00e1mi souhlas\u00edm, proto\u017ee si mysl\u00edm \u00fapln\u011b to sam\u00e9. Mn\u011b samotnou to tak\u00e9 moc bavilo. A i kdy\u017e jsem dosp\u011bl\u00e1, tak m\u011b tato v\u00e1\u0161e\u0148 pro \u0161it\u00ed a vy\u0161\u00edv\u00e1n\u00ed v\u016fbec neopustila. A cht\u011bla jsem nad\u00e1le v tom pokra\u010dovat. Koupila jsem si samoz\u0159ejm\u011b n\u011bkter\u00e9 kvalitn\u00ed n\u00e1stroje, jako kr\u00e1sn\u00e9 barevn\u00e9 nit\u011b a tak\u00e9 vlnu. A opravdu m\u011b bav\u00ed pl\u00e9st svetr a tak\u00e9 se mi stalo, \u017ee v\u017edycky ka\u017ed\u00fd rok na V\u00e1noce upletu n\u011bkomu kr\u00e1sn\u00fd vln\u011bn\u00fd svetr.K tomu pot\u0159ebuji tak\u00e9 kvalitn\u00ed a pevn\u00e9 nit\u011b, proto\u017ee bez nich by to opravdu ne\u0161lo. Tak\u017ee jsem si \u0159ekla, \u017ee kdy\u017e se kouknu na p\u011bkn\u00e9 nit\u011b, \u010d\u00edm\u017e potom budu svetry se\u0161\u00edvat, ud\u011bl\u00e1m jedin\u011b dob\u0159e. T\u0159eba nap\u0159\u00edklad zm\u00edn\u011bn\u00e9 vln\u011bn\u00e9 svetry, tak na tom budu opravdu dob\u0159e. A tak\u00e9 jsem opravdu r\u00e1da, \u017ee se v\u0161em moje \u0161it\u00ed a pleten\u00ed l\u00edb\u00ed. Pokud i vy vyhled\u00e1te n\u011bjakou kreativn\u00ed d\u00edlnu, tak se pod\u00edvejte na webov\u00e9 str\u00e1nky prima-obchod.cz, kde se\u017eenete opravdu n\u00e1dhern\u00e9 nit\u011b, ale i dal\u0161\u00ed v\u011bci, kter\u00e9 by se v\u00e1m hodili proto, abyste mohli d\u011blat sv\u00e9 tvo\u0159iv\u00e9 v\u011bci. Nit\u011b se v\u00e1m budou jist\u011b hodit, nav\u00edc m\u00edt doma z\u00e1sobu jehel a nit\u00ed je v\u00e1\u017en\u011b praktick\u00e9 a nen\u00ed to na \u0161kodu.                                                                                                                                                                                                                                                                                                                                                                                          4.5\/5 - (11 votes)        "},{"@context":"https:\/\/schema.org\/","@type":"BreadcrumbList","itemListElement":[{"@type":"ListItem","position":1,"name":"Pevn\u00e9 nit\u011b","item":"https:\/\/www.fragra.cz\/pevne-nite\/#breadcrumbitem"}]}]