[{"@context":"https:\/\/schema.org\/","@type":"Blog","@id":"https:\/\/www.fragra.cz#Blog","headline":"Fragra","description":"\nKdy\u017e u\u017e m\u00e1te n\u011bjak\u00e9 pen\u00edze, nem\u011bli byste je na internetu utratit jen tak za n\u011bco. M\u011bli byste vsadit na kvalitn\u00ed nab\u00eddky, takov\u00e9, jak\u00e9 jsou na na\u0161em webu.","url":"https:\/\/www.fragra.cz","hasPart":[{"@type":"Article","@id":"https:\/\/www.fragra.cz\/proc-jsou-dobre-kryty-a-obaly-na-mobilnich-telefonech\/","headline":"Pro\u010d jsou dobr\u00e9 kryty a obaly na mobiln\u00edch telefonech","url":"https:\/\/www.fragra.cz\/proc-jsou-dobre-kryty-a-obaly-na-mobilnich-telefonech\/","datePublished":"2022-09-18","dateModified":"2022-09-18","mainEntityOfPage":"https:\/\/www.fragra.cz\/proc-jsou-dobre-kryty-a-obaly-na-mobilnich-telefonech\/","author":{"@type":"Person","@id":"https:\/\/www.fragra.cz\/author\/#Person","name":"","url":"https:\/\/www.fragra.cz\/author\/","identifier":1,"image":{"@type":"ImageObject","@id":"https:\/\/secure.gravatar.com\/avatar\/93f351f97d5e20a41105810347d62b8b573eebe9313df1f71432877ed17f5f1a?s=96&d=mm&r=g","url":"https:\/\/secure.gravatar.com\/avatar\/93f351f97d5e20a41105810347d62b8b573eebe9313df1f71432877ed17f5f1a?s=96&d=mm&r=g","height":96,"width":96}},"publisher":{"@type":"Organization","name":"fragra.cz","logo":{"@type":"ImageObject","@id":"\/logo.png","url":"\/logo.png","width":600,"height":60}},"image":{"@type":"ImageObject","@id":"https:\/\/www.fragra.cz\/wp-content\/uploads\/business-gc98e3c9c2_640_1.jpg","url":"https:\/\/www.fragra.cz\/wp-content\/uploads\/business-gc98e3c9c2_640_1.jpg","height":0,"width":0},"wordCount":574,"keywords":null},{"@type":"Article","@id":"https:\/\/www.fragra.cz\/rezervace-dnesni-doba-versus-drive\/","headline":"Rezervace &#8211; dne\u0161n\u00ed doba versus d\u0159\u00edve","url":"https:\/\/www.fragra.cz\/rezervace-dnesni-doba-versus-drive\/","datePublished":"2022-08-30","dateModified":"2022-08-30","mainEntityOfPage":"https:\/\/www.fragra.cz\/rezervace-dnesni-doba-versus-drive\/","author":{"@type":"Person","@id":"https:\/\/www.fragra.cz\/author\/#Person","name":"","url":"https:\/\/www.fragra.cz\/author\/","identifier":1,"image":{"@type":"ImageObject","@id":"https:\/\/secure.gravatar.com\/avatar\/93f351f97d5e20a41105810347d62b8b573eebe9313df1f71432877ed17f5f1a?s=96&d=mm&r=g","url":"https:\/\/secure.gravatar.com\/avatar\/93f351f97d5e20a41105810347d62b8b573eebe9313df1f71432877ed17f5f1a?s=96&d=mm&r=g","height":96,"width":96}},"publisher":{"@type":"Organization","name":"fragra.cz","logo":{"@type":"ImageObject","@id":"\/logo.png","url":"\/logo.png","width":600,"height":60}},"image":{"@type":"ImageObject","@id":"https:\/\/www.fragra.cz\/wp-content\/uploads\/istockphoto-594019028-170667a.jpg","url":"https:\/\/www.fragra.cz\/wp-content\/uploads\/istockphoto-594019028-170667a.jpg","height":0,"width":0},"wordCount":574,"keywords":null},{"@type":"Article","@id":"https:\/\/www.fragra.cz\/pristresek-na-dve-auta\/","headline":"P\u0159\u00edst\u0159e\u0161ek na dv\u011b auta","url":"https:\/\/www.fragra.cz\/pristresek-na-dve-auta\/","datePublished":"2021-09-02","dateModified":"2021-09-02","mainEntityOfPage":"https:\/\/www.fragra.cz\/pristresek-na-dve-auta\/","author":{"@type":"Person","@id":"https:\/\/www.fragra.cz\/author\/#Person","name":"","url":"https:\/\/www.fragra.cz\/author\/","identifier":1,"image":{"@type":"ImageObject","@id":"https:\/\/secure.gravatar.com\/avatar\/93f351f97d5e20a41105810347d62b8b573eebe9313df1f71432877ed17f5f1a?s=96&d=mm&r=g","url":"https:\/\/secure.gravatar.com\/avatar\/93f351f97d5e20a41105810347d62b8b573eebe9313df1f71432877ed17f5f1a?s=96&d=mm&r=g","height":96,"width":96}},"publisher":{"@type":"Organization","name":"fragra.cz","logo":{"@type":"ImageObject","@id":"\/logo.png","url":"\/logo.png","width":600,"height":60}},"image":{"@type":"ImageObject","@id":"https:\/\/www.fragra.cz\/wp-content\/uploads\/man-g94c004abd_640.jpg","url":"https:\/\/www.fragra.cz\/wp-content\/uploads\/man-g94c004abd_640.jpg","height":0,"width":0},"wordCount":532,"keywords":null},{"@type":"Article","@id":"https:\/\/www.fragra.cz\/co-dat-do-bytu\/","headline":"Co d\u00e1t do bytu","url":"https:\/\/www.fragra.cz\/co-dat-do-bytu\/","datePublished":"2021-07-09","dateModified":"2021-07-09","mainEntityOfPage":"https:\/\/www.fragra.cz\/co-dat-do-bytu\/","author":{"@type":"Person","@id":"https:\/\/www.fragra.cz\/author\/#Person","name":"","url":"https:\/\/www.fragra.cz\/author\/","identifier":1,"image":{"@type":"ImageObject","@id":"https:\/\/secure.gravatar.com\/avatar\/93f351f97d5e20a41105810347d62b8b573eebe9313df1f71432877ed17f5f1a?s=96&d=mm&r=g","url":"https:\/\/secure.gravatar.com\/avatar\/93f351f97d5e20a41105810347d62b8b573eebe9313df1f71432877ed17f5f1a?s=96&d=mm&r=g","height":96,"width":96}},"publisher":{"@type":"Organization","name":"fragra.cz","logo":{"@type":"ImageObject","@id":"\/logo.png","url":"\/logo.png","width":600,"height":60}},"image":{"@type":"ImageObject","@id":"https:\/\/www.fragra.cz\/wp-content\/uploads\/byt_7.jpg","url":"https:\/\/www.fragra.cz\/wp-content\/uploads\/byt_7.jpg","height":0,"width":0},"wordCount":646,"keywords":null},{"@type":"Article","@id":"https:\/\/www.fragra.cz\/bublinkovou-folii-byste-meli-mit-doma-v-zaloze\/","headline":"Bublinkovou f\u00f3lii byste m\u011bli m\u00edt doma v z\u00e1loze","url":"https:\/\/www.fragra.cz\/bublinkovou-folii-byste-meli-mit-doma-v-zaloze\/","datePublished":"2021-04-12","dateModified":"2021-04-12","mainEntityOfPage":"https:\/\/www.fragra.cz\/bublinkovou-folii-byste-meli-mit-doma-v-zaloze\/","author":{"@type":"Person","@id":"https:\/\/www.fragra.cz\/author\/#Person","name":"","url":"https:\/\/www.fragra.cz\/author\/","identifier":1,"image":{"@type":"ImageObject","@id":"https:\/\/secure.gravatar.com\/avatar\/93f351f97d5e20a41105810347d62b8b573eebe9313df1f71432877ed17f5f1a?s=96&d=mm&r=g","url":"https:\/\/secure.gravatar.com\/avatar\/93f351f97d5e20a41105810347d62b8b573eebe9313df1f71432877ed17f5f1a?s=96&d=mm&r=g","height":96,"width":96}},"publisher":{"@type":"Organization","name":"fragra.cz","logo":{"@type":"ImageObject","@id":"\/logo.png","url":"\/logo.png","width":600,"height":60}},"image":{"@type":"ImageObject","@id":"https:\/\/www.fragra.cz\/wp-content\/uploads\/f%C3%B3lie%20se%20zelen%C3%BDm%20podkladem.jpg","url":"https:\/\/www.fragra.cz\/wp-content\/uploads\/f%C3%B3lie%20se%20zelen%C3%BDm%20podkladem.jpg","height":0,"width":0},"wordCount":553,"keywords":null},{"@type":"Article","@id":"https:\/\/www.fragra.cz\/jak-se-prevadi-hruba-mzda-na-cistou\/","headline":"Jak se p\u0159ev\u00e1d\u00ed hrub\u00e1 mzda na \u010distou?","url":"https:\/\/www.fragra.cz\/jak-se-prevadi-hruba-mzda-na-cistou\/","datePublished":"2021-03-19","dateModified":"2021-03-19","mainEntityOfPage":"https:\/\/www.fragra.cz\/jak-se-prevadi-hruba-mzda-na-cistou\/","author":{"@type":"Person","@id":"https:\/\/www.fragra.cz\/author\/#Person","name":"","url":"https:\/\/www.fragra.cz\/author\/","identifier":1,"image":{"@type":"ImageObject","@id":"https:\/\/secure.gravatar.com\/avatar\/93f351f97d5e20a41105810347d62b8b573eebe9313df1f71432877ed17f5f1a?s=96&d=mm&r=g","url":"https:\/\/secure.gravatar.com\/avatar\/93f351f97d5e20a41105810347d62b8b573eebe9313df1f71432877ed17f5f1a?s=96&d=mm&r=g","height":96,"width":96}},"publisher":{"@type":"Organization","name":"fragra.cz","logo":{"@type":"ImageObject","@id":"\/logo.png","url":"\/logo.png","width":600,"height":60}},"image":{"@type":"ImageObject","@id":"https:\/\/www.fragra.cz\/wp-content\/uploads\/penize7_1.jpg","url":"https:\/\/www.fragra.cz\/wp-content\/uploads\/penize7_1.jpg","height":0,"width":0},"wordCount":610,"keywords":null},{"@type":"Article","@id":"https:\/\/www.fragra.cz\/je-google-ppc-reklama-vhodna-i-pro-nase-podminky-jak-na-ppc-reklamu-aby-byla-uspesna\/","headline":"Je Google PPC reklama vhodn\u00e1 i pro na\u0161e podm\u00ednky? Jak na PPC reklamu, aby byla \u00fasp\u011b\u0161n\u00e1?","url":"https:\/\/www.fragra.cz\/je-google-ppc-reklama-vhodna-i-pro-nase-podminky-jak-na-ppc-reklamu-aby-byla-uspesna\/","datePublished":"2021-03-09","dateModified":"2021-03-09","mainEntityOfPage":"https:\/\/www.fragra.cz\/je-google-ppc-reklama-vhodna-i-pro-nase-podminky-jak-na-ppc-reklamu-aby-byla-uspesna\/","author":{"@type":"Person","@id":"https:\/\/www.fragra.cz\/author\/#Person","name":"","url":"https:\/\/www.fragra.cz\/author\/","identifier":1,"image":{"@type":"ImageObject","@id":"https:\/\/secure.gravatar.com\/avatar\/93f351f97d5e20a41105810347d62b8b573eebe9313df1f71432877ed17f5f1a?s=96&d=mm&r=g","url":"https:\/\/secure.gravatar.com\/avatar\/93f351f97d5e20a41105810347d62b8b573eebe9313df1f71432877ed17f5f1a?s=96&d=mm&r=g","height":96,"width":96}},"publisher":{"@type":"Organization","name":"fragra.cz","logo":{"@type":"ImageObject","@id":"\/logo.png","url":"\/logo.png","width":600,"height":60}},"image":{"@type":"ImageObject","@id":"https:\/\/www.fragra.cz\/wp-content\/uploads\/google_2wn9NG.jpg","url":"https:\/\/www.fragra.cz\/wp-content\/uploads\/google_2wn9NG.jpg","height":0,"width":0},"wordCount":514,"keywords":null},{"@type":"Article","@id":"https:\/\/www.fragra.cz\/mame-i-kompresory\/","headline":"M\u00e1me i kompresory","url":"https:\/\/www.fragra.cz\/mame-i-kompresory\/","datePublished":"2020-10-30","dateModified":"2020-10-30","mainEntityOfPage":"https:\/\/www.fragra.cz\/mame-i-kompresory\/","author":{"@type":"Person","@id":"https:\/\/www.fragra.cz\/author\/#Person","name":"","url":"https:\/\/www.fragra.cz\/author\/","identifier":1,"image":{"@type":"ImageObject","@id":"https:\/\/secure.gravatar.com\/avatar\/93f351f97d5e20a41105810347d62b8b573eebe9313df1f71432877ed17f5f1a?s=96&d=mm&r=g","url":"https:\/\/secure.gravatar.com\/avatar\/93f351f97d5e20a41105810347d62b8b573eebe9313df1f71432877ed17f5f1a?s=96&d=mm&r=g","height":96,"width":96}},"publisher":{"@type":"Organization","name":"fragra.cz","logo":{"@type":"ImageObject","@id":"\/logo.png","url":"\/logo.png","width":600,"height":60}},"image":{"@type":"ImageObject","@id":"https:\/\/www.fragra.cz\/wp-content\/uploads\/le%C5%BE%C3%ADc%C3%AD%20kompresor.jpg","url":"https:\/\/www.fragra.cz\/wp-content\/uploads\/le%C5%BE%C3%ADc%C3%AD%20kompresor.jpg","height":0,"width":0},"wordCount":593,"keywords":null},{"@type":"Article","@id":"https:\/\/www.fragra.cz\/kdyz-nestaci-penize\/","headline":"Kdy\u017e nesta\u010d\u00ed pen\u00edze","url":"https:\/\/www.fragra.cz\/kdyz-nestaci-penize\/","datePublished":"2020-10-24","dateModified":"2020-10-24","mainEntityOfPage":"https:\/\/www.fragra.cz\/kdyz-nestaci-penize\/","author":{"@type":"Person","@id":"https:\/\/www.fragra.cz\/author\/#Person","name":"","url":"https:\/\/www.fragra.cz\/author\/","identifier":1,"image":{"@type":"ImageObject","@id":"https:\/\/secure.gravatar.com\/avatar\/93f351f97d5e20a41105810347d62b8b573eebe9313df1f71432877ed17f5f1a?s=96&d=mm&r=g","url":"https:\/\/secure.gravatar.com\/avatar\/93f351f97d5e20a41105810347d62b8b573eebe9313df1f71432877ed17f5f1a?s=96&d=mm&r=g","height":96,"width":96}},"publisher":{"@type":"Organization","name":"fragra.cz","logo":{"@type":"ImageObject","@id":"\/logo.png","url":"\/logo.png","width":600,"height":60}},"image":{"@type":"ImageObject","@id":"https:\/\/www.fragra.cz\/wp-content\/uploads\/%C4%8Das%20jsou%20pen%C3%ADze_10_10_1.jpg","url":"https:\/\/www.fragra.cz\/wp-content\/uploads\/%C4%8Das%20jsou%20pen%C3%ADze_10_10_1.jpg","height":0,"width":0},"wordCount":655,"keywords":null},{"@type":"Article","@id":"https:\/\/www.fragra.cz\/upravte-svuj-web-muze-pak-vydelavat\/","headline":"Upravte sv\u016fj web. M\u016f\u017ee pak vyd\u011bl\u00e1vat","url":"https:\/\/www.fragra.cz\/upravte-svuj-web-muze-pak-vydelavat\/","datePublished":"2020-09-07","dateModified":"2020-09-07","mainEntityOfPage":"https:\/\/www.fragra.cz\/upravte-svuj-web-muze-pak-vydelavat\/","author":{"@type":"Person","@id":"https:\/\/www.fragra.cz\/author\/#Person","name":"","url":"https:\/\/www.fragra.cz\/author\/","identifier":1,"image":{"@type":"ImageObject","@id":"https:\/\/secure.gravatar.com\/avatar\/93f351f97d5e20a41105810347d62b8b573eebe9313df1f71432877ed17f5f1a?s=96&d=mm&r=g","url":"https:\/\/secure.gravatar.com\/avatar\/93f351f97d5e20a41105810347d62b8b573eebe9313df1f71432877ed17f5f1a?s=96&d=mm&r=g","height":96,"width":96}},"publisher":{"@type":"Organization","name":"fragra.cz","logo":{"@type":"ImageObject","@id":"\/logo.png","url":"\/logo.png","width":600,"height":60}},"image":{"@type":"ImageObject","@id":"https:\/\/www.fragra.cz\/wp-content\/uploads\/Nechte%20si%20optimalizovat%20web.jpg","url":"https:\/\/www.fragra.cz\/wp-content\/uploads\/Nechte%20si%20optimalizovat%20web.jpg","height":0,"width":0},"wordCount":648,"keywords":null}]},{"@context":"https:\/\/schema.org","@type":"WebSite","@id":"https:\/\/www.fragra.cz\/#website","name":"Fragra","url":"https:\/\/www.fragra.cz","potentialAction":{"@type":"SearchAction","target":"https:\/\/www.fragra.cz\/?s={search_term_string}","query-input":"required name=search_term_string"}}]