[{"@context":"https:\/\/schema.org\/","@type":"Article","@id":"https:\/\/www.fragra.cz\/na-co-nezapomenout-pokud-planujete-svatbu\/#Article","mainEntityOfPage":"https:\/\/www.fragra.cz\/na-co-nezapomenout-pokud-planujete-svatbu\/","headline":"Na co nezapomenout pokud pl\u00e1nujete svatbu?","name":"Na co nezapomenout pokud pl\u00e1nujete svatbu?","description":"Svatb\u00e1m na radnici u\u017e nejsp\u00ed\u0161 odzvonilo, proto\u017ee naprost\u00e1 v\u011bt\u0161ina p\u00e1r\u016f se dnes bere na n\u011bjak\u00e9m jin\u00e9m m\u00edst\u011b &#8211; v hotelu, v zahrad\u011b, v parku nebo t\u0159eba ve velice obl\u00edben\u00fdch stodol\u00e1ch a ml\u00fdnech. Proto je pot\u0159eba si vyhl\u00e9dnut\u00e9 m\u00edsto zarezervovat v\u010das. Je tak\u00e9 pot\u0159eba pe\u010dliv\u011b napl\u00e1novat svatebn\u00ed tabuli. Z\u00e1le\u017e\u00ed v\u017edy na tom, kde bude va\u0161e svatebn\u00ed [&hellip;]","datePublished":"2023-05-27","dateModified":"2023-05-27","author":{"@type":"Person","@id":"https:\/\/www.fragra.cz\/author\/#Person","name":"","url":"https:\/\/www.fragra.cz\/author\/","identifier":1,"image":{"@type":"ImageObject","@id":"https:\/\/secure.gravatar.com\/avatar\/93f351f97d5e20a41105810347d62b8b573eebe9313df1f71432877ed17f5f1a?s=96&d=mm&r=g","url":"https:\/\/secure.gravatar.com\/avatar\/93f351f97d5e20a41105810347d62b8b573eebe9313df1f71432877ed17f5f1a?s=96&d=mm&r=g","height":96,"width":96}},"publisher":{"@type":"Organization","name":"fragra.cz","logo":{"@type":"ImageObject","@id":"\/logo.png","url":"\/logo.png","width":600,"height":60}},"image":{"@type":"ImageObject","@id":"https:\/\/www.fragra.cz\/wp-content\/uploads\/wedding-photography-qmbHsVpVPb4-unsplash_1.jpg","url":"https:\/\/www.fragra.cz\/wp-content\/uploads\/wedding-photography-qmbHsVpVPb4-unsplash_1.jpg","height":0,"width":0},"url":"https:\/\/www.fragra.cz\/na-co-nezapomenout-pokud-planujete-svatbu\/","about":["Produkty"],"wordCount":417,"articleBody":"       Svatb\u00e1m na radnici u\u017e nejsp\u00ed\u0161 odzvonilo, proto\u017ee naprost\u00e1 v\u011bt\u0161ina p\u00e1r\u016f se dnes bere na n\u011bjak\u00e9m jin\u00e9m m\u00edst\u011b &#8211; v hotelu, v zahrad\u011b, v parku nebo t\u0159eba ve velice obl\u00edben\u00fdch stodol\u00e1ch a ml\u00fdnech. Proto je pot\u0159eba si vyhl\u00e9dnut\u00e9 m\u00edsto zarezervovat v\u010das. Je tak\u00e9 pot\u0159eba pe\u010dliv\u011b napl\u00e1novat svatebn\u00ed tabuli. Z\u00e1le\u017e\u00ed v\u017edy na tom, kde bude va\u0161e svatebn\u00ed hostina prob\u00edhat, proto\u017ee n\u011bkter\u00e9 podniky maj\u00ed svoji kuchyni, a n\u011bkde si m\u016f\u017eete j\u00eddlo popravit sami. Aby bylo ale kam j\u00eddlo mo\u017en\u00e9 serv\u00edrovat, je pot\u0159eba vymyslet posezen\u00ed.Naprost\u00e1 v\u011bt\u0161ina m\u00edst, kde se konaj\u00ed svatby, m\u00e1 k dispozici sv\u016fj n\u00e1bytek, po dohod\u011b ale b\u00fdv\u00e1 mo\u017en\u00e9 dov\u00e9zt si sv\u016fj. Je pot\u0159eba si stoly vyzdobit a tak\u00e9 vymyslet zasedac\u00ed po\u0159\u00e1dek. Na svatb\u00e1ch b\u00fdvaj\u00ed tradi\u010dn\u011b obd\u00e9ln\u00edkov\u00e9 stoly spojen\u00e9 u sebe, v posledn\u00edch letech ale za\u010d\u00edn\u00e1 p\u0159evl\u00e1dat trend jednotliv\u00fdch stol\u016f &#8211; nejl\u00e9pe kulat\u00fdch nebo \u010dtvercov\u00fdch. Z\u00e1le\u017e\u00ed na v\u00e1s co se v\u00e1m bude l\u00edbit nejv\u00edc.V ka\u017ed\u00e9m p\u0159\u00edpad\u011b je ale pot\u0159eba v\u011bd\u011bt kdo ke bude sed\u011bt. Svatebn\u00ed zasedac\u00ed po\u0159\u00e1dek je d\u016fle\u017eit\u00fd nejen pro samotn\u00e9 hosty, aby nevznikaly h\u00e1dky \u010di zmatek ohledn\u011b toho kdo kde bude sed\u011bt, ale hlavn\u011b pro person\u00e1l, kter\u00fd bude obsluhovat v\u0161echny p\u0159\u00edtomn\u00e9. Na ka\u017ed\u00fd st\u016fl se pro tento \u00fa\u010del d\u00e1v\u00e1 \u010d\u00edslo, kter\u00e9 pom\u00e1h\u00e1 obsluze nosit co kam pat\u0159\u00ed. Pro hosty i nev\u011bstu a \u017eenicha jsou d\u016fle\u017eit\u00e9 i svatebn\u00ed jmenovky, a to pr\u00e1v\u011b z toho d\u016fvodu, aby si ka\u017ed\u00fd sedl tam, kde m\u00e1 ur\u010den\u00e9 m\u00edsto. Je to i proto, \u017ee se \u010dato ne ka\u017ed\u00fd s ka\u017ed\u00fdm snese, a tak ur\u010den\u00ed m\u00edst k sezen\u00ed zcela jist\u011b p\u0159isp\u011bje k lep\u0161\u00ed atmosf\u00e9\u0159e. Svatebn\u00ed jmenovky jsou skv\u011bl\u00fdm \u0159e\u0161en\u00edm, kter\u00e9 na svatb\u011b pom\u016f\u017ee udr\u017eet \u0159\u00e1d. Daj\u00ed se vyrobit ve stejn\u00e9m designu jako svatebn\u00ed ozn\u00e1men\u00ed i menu, tak\u017ee celek bude vypadat naprosto skv\u011ble.Neponechejte nic n\u00e1hod\u011b Jestli si chcete sv\u00e9 svatebn\u00ed den u\u017e\u00edt na maximu, ur\u010dit\u011b n\u011bkoho po\u017e\u00e1dejte o pomoc s v\u00fdzdobou i pl\u00e1nov\u00e1n\u00edm cel\u00e9 svatby.                                                                                                                                                                                                                                                                                                                                                                                          4.5\/5 - (11 votes)        "},{"@context":"https:\/\/schema.org\/","@type":"BreadcrumbList","itemListElement":[{"@type":"ListItem","position":1,"name":"Na co nezapomenout pokud pl\u00e1nujete svatbu?","item":"https:\/\/www.fragra.cz\/na-co-nezapomenout-pokud-planujete-svatbu\/#breadcrumbitem"}]}]