{"@context":"https:\/\/schema.org\/","@type":"CollectionPage","@id":"https:\/\/www.fragra.cz\/muzi\/#CollectionPage","headline":"Mu\u017ei Category","description":"","url":"https:\/\/www.fragra.cz\/muzi\/","hasPart":[{"@type":"Article","@id":"https:\/\/www.fragra.cz\/pece-o-paruky-z-pravych-vlasu\/","headline":"P\u00e9\u010de o paruky z prav\u00fdch vlas\u016f","url":"https:\/\/www.fragra.cz\/pece-o-paruky-z-pravych-vlasu\/","datePublished":"2024-12-15","dateModified":"2024-12-15","mainEntityOfPage":"https:\/\/www.fragra.cz\/pece-o-paruky-z-pravych-vlasu\/","author":{"@type":"Person","@id":"https:\/\/www.fragra.cz\/author\/#Person","name":"","url":"https:\/\/www.fragra.cz\/author\/","identifier":1,"image":{"@type":"ImageObject","@id":"https:\/\/secure.gravatar.com\/avatar\/93f351f97d5e20a41105810347d62b8b573eebe9313df1f71432877ed17f5f1a?s=96&d=mm&r=g","url":"https:\/\/secure.gravatar.com\/avatar\/93f351f97d5e20a41105810347d62b8b573eebe9313df1f71432877ed17f5f1a?s=96&d=mm&r=g","height":96,"width":96}},"publisher":{"@type":"Organization","name":"fragra.cz","logo":{"@type":"ImageObject","@id":"\/logo.png","url":"\/logo.png","width":600,"height":60}},"image":{"@type":"ImageObject","@id":"https:\/\/www.fragra.cz\/wp-content\/uploads\/%C5%A1aty_10_10_1.jpg","url":"https:\/\/www.fragra.cz\/wp-content\/uploads\/%C5%A1aty_10_10_1.jpg","height":0,"width":0},"keywords":null},{"@type":"Article","@id":"https:\/\/www.fragra.cz\/muzi-se-umeji-chovat-velmi-hrube\/","headline":"Mu\u017ei se um\u011bj\u00ed chovat velmi hrub\u011b","url":"https:\/\/www.fragra.cz\/muzi-se-umeji-chovat-velmi-hrube\/","datePublished":"2023-01-25","dateModified":"2023-04-25","mainEntityOfPage":"https:\/\/www.fragra.cz\/muzi-se-umeji-chovat-velmi-hrube\/","author":{"@type":"Person","@id":"https:\/\/www.fragra.cz\/author\/#Person","name":"","url":"https:\/\/www.fragra.cz\/author\/","identifier":1,"image":{"@type":"ImageObject","@id":"https:\/\/secure.gravatar.com\/avatar\/93f351f97d5e20a41105810347d62b8b573eebe9313df1f71432877ed17f5f1a?s=96&d=mm&r=g","url":"https:\/\/secure.gravatar.com\/avatar\/93f351f97d5e20a41105810347d62b8b573eebe9313df1f71432877ed17f5f1a?s=96&d=mm&r=g","height":96,"width":96}},"publisher":{"@type":"Organization","name":"fragra.cz","logo":{"@type":"ImageObject","@id":"\/logo.png","url":"\/logo.png","width":600,"height":60}},"image":{"@type":"ImageObject","@id":"https:\/\/www.fragra.cz\/wp-content\/uploads\/mu_10_9.JPG","url":"https:\/\/www.fragra.cz\/wp-content\/uploads\/mu_10_9.JPG","height":0,"width":0},"keywords":null},{"@type":"Article","@id":"https:\/\/www.fragra.cz\/zeny-versus-muzi\/","headline":"\u017deny versus mu\u017ei","url":"https:\/\/www.fragra.cz\/zeny-versus-muzi\/","datePublished":"2022-12-10","dateModified":"2023-07-10","mainEntityOfPage":"https:\/\/www.fragra.cz\/zeny-versus-muzi\/","author":{"@type":"Person","@id":"https:\/\/www.fragra.cz\/author\/#Person","name":"","url":"https:\/\/www.fragra.cz\/author\/","identifier":1,"image":{"@type":"ImageObject","@id":"https:\/\/secure.gravatar.com\/avatar\/93f351f97d5e20a41105810347d62b8b573eebe9313df1f71432877ed17f5f1a?s=96&d=mm&r=g","url":"https:\/\/secure.gravatar.com\/avatar\/93f351f97d5e20a41105810347d62b8b573eebe9313df1f71432877ed17f5f1a?s=96&d=mm&r=g","height":96,"width":96}},"publisher":{"@type":"Organization","name":"fragra.cz","logo":{"@type":"ImageObject","@id":"\/logo.png","url":"\/logo.png","width":600,"height":60}},"image":{"@type":"ImageObject","@id":"https:\/\/www.fragra.cz\/wp-content\/uploads\/pexels-nataliya-vaitkevich-4452209_1.jpg","url":"https:\/\/www.fragra.cz\/wp-content\/uploads\/pexels-nataliya-vaitkevich-4452209_1.jpg","height":0,"width":0},"keywords":null},{"@type":"Article","@id":"https:\/\/www.fragra.cz\/pristresek-na-dve-auta\/","headline":"P\u0159\u00edst\u0159e\u0161ek na dv\u011b auta","url":"https:\/\/www.fragra.cz\/pristresek-na-dve-auta\/","datePublished":"2021-09-02","dateModified":"2021-09-02","mainEntityOfPage":"https:\/\/www.fragra.cz\/pristresek-na-dve-auta\/","author":{"@type":"Person","@id":"https:\/\/www.fragra.cz\/author\/#Person","name":"","url":"https:\/\/www.fragra.cz\/author\/","identifier":1,"image":{"@type":"ImageObject","@id":"https:\/\/secure.gravatar.com\/avatar\/93f351f97d5e20a41105810347d62b8b573eebe9313df1f71432877ed17f5f1a?s=96&d=mm&r=g","url":"https:\/\/secure.gravatar.com\/avatar\/93f351f97d5e20a41105810347d62b8b573eebe9313df1f71432877ed17f5f1a?s=96&d=mm&r=g","height":96,"width":96}},"publisher":{"@type":"Organization","name":"fragra.cz","logo":{"@type":"ImageObject","@id":"\/logo.png","url":"\/logo.png","width":600,"height":60}},"image":{"@type":"ImageObject","@id":"https:\/\/www.fragra.cz\/wp-content\/uploads\/man-g94c004abd_640.jpg","url":"https:\/\/www.fragra.cz\/wp-content\/uploads\/man-g94c004abd_640.jpg","height":0,"width":0},"keywords":null},{"@type":"Article","@id":"https:\/\/www.fragra.cz\/bublinkovou-folii-byste-meli-mit-doma-v-zaloze\/","headline":"Bublinkovou f\u00f3lii byste m\u011bli m\u00edt doma v z\u00e1loze","url":"https:\/\/www.fragra.cz\/bublinkovou-folii-byste-meli-mit-doma-v-zaloze\/","datePublished":"2021-04-12","dateModified":"2021-04-12","mainEntityOfPage":"https:\/\/www.fragra.cz\/bublinkovou-folii-byste-meli-mit-doma-v-zaloze\/","author":{"@type":"Person","@id":"https:\/\/www.fragra.cz\/author\/#Person","name":"","url":"https:\/\/www.fragra.cz\/author\/","identifier":1,"image":{"@type":"ImageObject","@id":"https:\/\/secure.gravatar.com\/avatar\/93f351f97d5e20a41105810347d62b8b573eebe9313df1f71432877ed17f5f1a?s=96&d=mm&r=g","url":"https:\/\/secure.gravatar.com\/avatar\/93f351f97d5e20a41105810347d62b8b573eebe9313df1f71432877ed17f5f1a?s=96&d=mm&r=g","height":96,"width":96}},"publisher":{"@type":"Organization","name":"fragra.cz","logo":{"@type":"ImageObject","@id":"\/logo.png","url":"\/logo.png","width":600,"height":60}},"image":{"@type":"ImageObject","@id":"https:\/\/www.fragra.cz\/wp-content\/uploads\/f%C3%B3lie%20se%20zelen%C3%BDm%20podkladem.jpg","url":"https:\/\/www.fragra.cz\/wp-content\/uploads\/f%C3%B3lie%20se%20zelen%C3%BDm%20podkladem.jpg","height":0,"width":0},"keywords":null},{"@type":"Article","@id":"https:\/\/www.fragra.cz\/mame-i-kompresory\/","headline":"M\u00e1me i kompresory","url":"https:\/\/www.fragra.cz\/mame-i-kompresory\/","datePublished":"2020-10-30","dateModified":"2020-10-30","mainEntityOfPage":"https:\/\/www.fragra.cz\/mame-i-kompresory\/","author":{"@type":"Person","@id":"https:\/\/www.fragra.cz\/author\/#Person","name":"","url":"https:\/\/www.fragra.cz\/author\/","identifier":1,"image":{"@type":"ImageObject","@id":"https:\/\/secure.gravatar.com\/avatar\/93f351f97d5e20a41105810347d62b8b573eebe9313df1f71432877ed17f5f1a?s=96&d=mm&r=g","url":"https:\/\/secure.gravatar.com\/avatar\/93f351f97d5e20a41105810347d62b8b573eebe9313df1f71432877ed17f5f1a?s=96&d=mm&r=g","height":96,"width":96}},"publisher":{"@type":"Organization","name":"fragra.cz","logo":{"@type":"ImageObject","@id":"\/logo.png","url":"\/logo.png","width":600,"height":60}},"image":{"@type":"ImageObject","@id":"https:\/\/www.fragra.cz\/wp-content\/uploads\/le%C5%BE%C3%ADc%C3%AD%20kompresor.jpg","url":"https:\/\/www.fragra.cz\/wp-content\/uploads\/le%C5%BE%C3%ADc%C3%AD%20kompresor.jpg","height":0,"width":0},"keywords":null},{"@type":"Article","@id":"https:\/\/www.fragra.cz\/jak-casto-je-nutne-menit-baterie-do-hodinek\/","headline":"Jak \u010dasto je nutn\u00e9 m\u011bnit baterie do hodinek","url":"https:\/\/www.fragra.cz\/jak-casto-je-nutne-menit-baterie-do-hodinek\/","datePublished":"2019-11-14","dateModified":"2023-05-04","mainEntityOfPage":"https:\/\/www.fragra.cz\/jak-casto-je-nutne-menit-baterie-do-hodinek\/","author":{"@type":"Person","@id":"https:\/\/www.fragra.cz\/author\/#Person","name":"","url":"https:\/\/www.fragra.cz\/author\/","identifier":1,"image":{"@type":"ImageObject","@id":"https:\/\/secure.gravatar.com\/avatar\/93f351f97d5e20a41105810347d62b8b573eebe9313df1f71432877ed17f5f1a?s=96&d=mm&r=g","url":"https:\/\/secure.gravatar.com\/avatar\/93f351f97d5e20a41105810347d62b8b573eebe9313df1f71432877ed17f5f1a?s=96&d=mm&r=g","height":96,"width":96}},"publisher":{"@type":"Organization","name":"fragra.cz","logo":{"@type":"ImageObject","@id":"\/logo.png","url":"\/logo.png","width":600,"height":60}},"image":{"@type":"ImageObject","@id":"https:\/\/www.fragra.cz\/wp-content\/uploads\/img_a374269_w2648_t1585903805.jpg","url":"https:\/\/www.fragra.cz\/wp-content\/uploads\/img_a374269_w2648_t1585903805.jpg","height":0,"width":0},"keywords":null},{"@type":"Article","@id":"https:\/\/www.fragra.cz\/vyberte-si-to-prave\/","headline":"Vyberte si to prav\u00e9","url":"https:\/\/www.fragra.cz\/vyberte-si-to-prave\/","datePublished":"2018-01-27","dateModified":"2018-01-27","mainEntityOfPage":"https:\/\/www.fragra.cz\/vyberte-si-to-prave\/","author":{"@type":"Person","@id":"https:\/\/www.fragra.cz\/author\/#Person","name":"","url":"https:\/\/www.fragra.cz\/author\/","identifier":1,"image":{"@type":"ImageObject","@id":"https:\/\/secure.gravatar.com\/avatar\/93f351f97d5e20a41105810347d62b8b573eebe9313df1f71432877ed17f5f1a?s=96&d=mm&r=g","url":"https:\/\/secure.gravatar.com\/avatar\/93f351f97d5e20a41105810347d62b8b573eebe9313df1f71432877ed17f5f1a?s=96&d=mm&r=g","height":96,"width":96}},"publisher":{"@type":"Organization","name":"fragra.cz","logo":{"@type":"ImageObject","@id":"\/logo.png","url":"\/logo.png","width":600,"height":60}},"image":{"@type":"ImageObject","@id":"https:\/\/www.fragra.cz\/wp-content\/uploads\/img_a310000_w2183_t1520946373.jpg","url":"https:\/\/www.fragra.cz\/wp-content\/uploads\/img_a310000_w2183_t1520946373.jpg","height":0,"width":0},"keywords":null}]}