[{"@context":"https:\/\/schema.org\/","@type":"Article","@id":"https:\/\/www.fragra.cz\/kamenicke-sluzby-na-urovni\/#Article","mainEntityOfPage":"https:\/\/www.fragra.cz\/kamenicke-sluzby-na-urovni\/","headline":"Kamenick\u00e9 slu\u017eby na \u00farovni","name":"Kamenick\u00e9 slu\u017eby na \u00farovni","description":"Pot\u0159ebovali byste pomoci s\u00a0pokl\u00e1d\u00e1n\u00edm obklad\u016f? Moc se v\u00e1m l\u00edb\u00ed krby v\u00a0ob\u00fdvac\u00edm pokoji, le na jejich v\u00fdstavbu jste kr\u00e1tc\u00ed? V\u00a0t\u011bchto a v\u00a0mnoha dal\u0161\u00edch p\u0159\u00edpadech v\u00e1m pom\u016f\u017ee p\u00e1v\u011b kamenictv\u00ed Pardubice, kter\u00e9 po v\u00e1s p\u0159edstavuje skv\u011blou mo\u017enost, jak z\u00edskat to, co pot\u0159ebujete, a to rovnou v\u00a0profesion\u00e1ln\u00edm proveden\u00ed. D\u016fv\u011b\u0159ujte odborn\u00edk\u016fm, kte\u0159\u00ed si dok\u00e1\u017eou skv\u011ble poradit se zpracov\u00e1n\u00edm \u017euly, mramoru [&hellip;]","datePublished":"2024-01-06","dateModified":"2024-01-06","author":{"@type":"Person","@id":"https:\/\/www.fragra.cz\/author\/#Person","name":"","url":"https:\/\/www.fragra.cz\/author\/","identifier":1,"image":{"@type":"ImageObject","@id":"https:\/\/secure.gravatar.com\/avatar\/93f351f97d5e20a41105810347d62b8b573eebe9313df1f71432877ed17f5f1a?s=96&d=mm&r=g","url":"https:\/\/secure.gravatar.com\/avatar\/93f351f97d5e20a41105810347d62b8b573eebe9313df1f71432877ed17f5f1a?s=96&d=mm&r=g","height":96,"width":96}},"publisher":{"@type":"Organization","name":"fragra.cz","logo":{"@type":"ImageObject","@id":"\/logo.png","url":"\/logo.png","width":600,"height":60}},"url":"https:\/\/www.fragra.cz\/kamenicke-sluzby-na-urovni\/","wordCount":251,"articleBody":"Pot\u0159ebovali byste pomoci s\u00a0pokl\u00e1d\u00e1n\u00edm obklad\u016f? Moc se v\u00e1m l\u00edb\u00ed krby v\u00a0ob\u00fdvac\u00edm pokoji, le na jejich v\u00fdstavbu jste kr\u00e1tc\u00ed? V\u00a0t\u011bchto a v\u00a0mnoha dal\u0161\u00edch p\u0159\u00edpadech v\u00e1m pom\u016f\u017ee p\u00e1v\u011b kamenictv\u00ed Pardubice, kter\u00e9 po v\u00e1s p\u0159edstavuje skv\u011blou mo\u017enost, jak z\u00edskat to, co pot\u0159ebujete, a to rovnou v\u00a0profesion\u00e1ln\u00edm proveden\u00ed. D\u016fv\u011b\u0159ujte odborn\u00edk\u016fm, kte\u0159\u00ed si dok\u00e1\u017eou skv\u011ble poradit se zpracov\u00e1n\u00edm \u017euly, mramoru p\u00edskovce a mnoha dal\u0161\u00edch r\u016fzn\u00fdch materi\u00e1l\u016f, kter\u00e9 se v\u00a0t\u011bchto oblastech pou\u017e\u00edvaj\u00ed. Sta\u010d\u00ed pouze sd\u011blit sv\u00e9 p\u0159esn\u00e9 po\u017eadavky, na z\u00e1klad\u011b kter\u00fdch se bude p\u0159i v\u00fdrob\u011b vych\u00e1zet.Pomn\u00edk na m\u00edruJsme tu pro v\u00e1s i ve chv\u00edl\u00edch, kdy v\u00e1m odejde ze sv\u011bta n\u011bkdo opravdu bl\u00edzk\u00fd a vy mus\u00edte za\u0159\u00eddit z\u00e1le\u017eitosti kolem. Pokud chcete, aby v\u00e1\u0161 zesnul\u00fd m\u011bl opravdu p\u011bknou hrobku, ke kter\u00e9 by mohli v\u0161ichni jeho milovan\u00ed chodit, tak se na n\u00e1s tak\u00e9 nev\u00e1hejte obr\u00e1tit. Specializujeme se toti\u017e i na n\u00e1hrobky, pomn\u00edky a dal\u0161\u00ed podobn\u00e9 dopl\u0148ky. O v\u0161e tedy bude postar\u00e1no, sta\u010d\u00ed jen v\u011bd\u011bt, na koho se m\u016f\u017eete v\u00a0takov\u00fdchto smutn\u00fdch chv\u00edl\u00edch, kdy v\u00e1m rozhodn\u011b nen\u00ed do zp\u011bvu, obr\u00e1tit.                                                                                                                                                                                                                                                                                                                                                                                        4.1\/5 - (17 votes)        "},{"@context":"https:\/\/schema.org\/","@type":"BreadcrumbList","itemListElement":[{"@type":"ListItem","position":1,"name":"Kamenick\u00e9 slu\u017eby na \u00farovni","item":"https:\/\/www.fragra.cz\/kamenicke-sluzby-na-urovni\/#breadcrumbitem"}]}]