[{"@context":"https:\/\/schema.org\/","@type":"Article","@id":"https:\/\/www.fragra.cz\/co-dat-do-bytu\/#Article","mainEntityOfPage":"https:\/\/www.fragra.cz\/co-dat-do-bytu\/","headline":"Co d\u00e1t do bytu","name":"Co d\u00e1t do bytu","description":"Tak\u017ee si na za\u010d\u00e1tku proch\u00e1z\u00edme to, kam budeme d\u00e1vat n\u00e1bytek a dal\u0161\u00ed v\u011bci. Krokujeme, vym\u011b\u0159ujeme, nejprve jen tak, na oko a pozd\u011bji p\u0159esn\u011b s metrem. Kdy\u017e m\u00e1me p\u0159ibli\u017enou sestavu a p\u0159edstavu, jdeme nakupovat a nastanou probl\u00e9my, proto\u017ee nemaj\u00ed to a ono, nesed\u00ed rozm\u011bry a prost\u011b je to cel\u00e9 takov\u00e9 divn\u00e9. Znova tedy v duchu p\u0159estavujete [&hellip;]","datePublished":"2021-07-09","dateModified":"2021-07-09","author":{"@type":"Person","@id":"https:\/\/www.fragra.cz\/author\/#Person","name":"","url":"https:\/\/www.fragra.cz\/author\/","identifier":1,"image":{"@type":"ImageObject","@id":"https:\/\/secure.gravatar.com\/avatar\/93f351f97d5e20a41105810347d62b8b573eebe9313df1f71432877ed17f5f1a?s=96&d=mm&r=g","url":"https:\/\/secure.gravatar.com\/avatar\/93f351f97d5e20a41105810347d62b8b573eebe9313df1f71432877ed17f5f1a?s=96&d=mm&r=g","height":96,"width":96}},"publisher":{"@type":"Organization","name":"fragra.cz","logo":{"@type":"ImageObject","@id":"\/logo.png","url":"\/logo.png","width":600,"height":60}},"image":{"@type":"ImageObject","@id":"https:\/\/www.fragra.cz\/wp-content\/uploads\/byt_7.jpg","url":"https:\/\/www.fragra.cz\/wp-content\/uploads\/byt_7.jpg","height":0,"width":0},"url":"https:\/\/www.fragra.cz\/co-dat-do-bytu\/","about":["Ekonomika"],"wordCount":425,"articleBody":"   Tak\u017ee si na za\u010d\u00e1tku proch\u00e1z\u00edme to, kam budeme d\u00e1vat n\u00e1bytek a dal\u0161\u00ed v\u011bci. Krokujeme, vym\u011b\u0159ujeme, nejprve jen tak, na oko a pozd\u011bji p\u0159esn\u011b s metrem. Kdy\u017e m\u00e1me p\u0159ibli\u017enou sestavu a p\u0159edstavu, jdeme nakupovat a nastanou probl\u00e9my, proto\u017ee nemaj\u00ed to a ono, nesed\u00ed rozm\u011bry a prost\u011b je to cel\u00e9 takov\u00e9 divn\u00e9. Znova tedy v duchu p\u0159estavujete a po\u0159\u00e1d n\u011bco zkou\u0161\u00edte, ale v\u00fdsledek se ne a ne dostavit. Nakonec rezignujete, napln\u00edte byt t\u00edm, co kde se\u017eenete a jste r\u00e1di, \u017ee bydl\u00edte. Jen\u017ee v\u00e1\u0161 po\u0159\u00e1d \u017eere zevnit\u0159 ten \u010derv, kter\u00fd \u0159\u00edk\u00e1, \u017ee to nen\u00ed ono. V takov\u00e9m p\u0159\u00edpad\u011b v\u00e1m nezbude nic jin\u00e9ho, ne\u017e to v\u0161echno zase prodat a sehnat si n\u011bjak\u00e9ho \u010dlov\u011bka, kter\u00fd za\u0159izov\u00e1n\u00ed byt\u016f a dom\u016f rozum\u00ed. Profesion\u00e1la, kter\u00fd v\u00ed, a tak\u00e9 takov\u00e9ho, kter\u00fd na to m\u00e1 vystudovan\u00e9 pat\u0159i\u010dn\u00e9 \u0161koly. Takov\u00e9ho \u010dlov\u011bka pot\u0159ebujete a bez n\u011bj se d\u00e1le prost\u011b nedostanete. Takov\u00e9mu mu\u017ei se \u0159\u00edk\u00e1 interi\u00e9rov\u00fd design\u00e9r, a to je ten, koho hled\u00e1te. To je mu\u017e na sv\u00e9m m\u00edst\u011b a ten s v\u00e1mi bude n\u011bjakou chvilku \u017e\u00edt, aby v\u00e1s poznal a v\u011bd\u011bl, co v\u00e1m nejv\u00edce vyhovuje. Ne nebojte se, nenast\u011bhuje se tam, i kdy\u017e tak by nejl\u00e9pe nas\u00e1l atmosf\u00e9ru onoho m\u00edsta a hned by mu to \u0161lo l\u00e9pe od ruky. To, \u017ee s v\u00e1mi bude \u017e\u00edt je jen takov\u00fd b\u00e1snick\u00fd obrat, abych zv\u00fdraznil to, \u017ee v\u00e1m bude kl\u00e1st spoustu ot\u00e1zek, proto\u017ee pokud nepozn\u00e1 v\u00e1s, nem\u016f\u017ee se v\u00e1m trefit do vkusu. Interi\u00e9rov\u00fd design\u00e9r Praha je n\u00e1zev odkazu, p\u0159es kter\u00fd se na pot\u0159ebn\u00e9ho mu\u017ee, nebo l\u00e9pe \u0159e\u010deno na kolektiv lid\u00ed dostanete jedn\u00edm kliknut\u00edm a kde si vy m\u016f\u017eete domluvit setk\u00e1n\u00ed, nebo rovnou dal\u0161\u00ed spolupr\u00e1ci. V \u010dem tato spo\u010d\u00edv\u00e1 se vlastn\u011b dozv\u00edte ji\u017e z webu samotn\u00e9ho, tak\u017ee tak z\u00edsk\u00e1te alespo\u0148 minim\u00e1ln\u00ed z\u00e1klad, abyste v\u011bd\u011bli a byli p\u0159ipraveni na skoro v\u0161echno. Pak se rozjede design\u00e9rova \u010dinnost a za\u010dnete \u0159e\u0161it jednotliv\u00e9 n\u00e1vrhy, polo\u017eky, a nakonec to v\u0161echno jako celek. Jist\u011b pak zalitujete toho, \u017ee jste se s design\u00e9rem nespojili hned.                                                                                                                                                                                                                                                                                                                                                                                           3.7\/5 - (3 votes)        "},{"@context":"https:\/\/schema.org\/","@type":"BreadcrumbList","itemListElement":[{"@type":"ListItem","position":1,"name":"Co d\u00e1t do bytu","item":"https:\/\/www.fragra.cz\/co-dat-do-bytu\/#breadcrumbitem"}]}]