{"@context":"https:\/\/schema.org\/","@type":"CollectionPage","@id":"https:\/\/www.fragra.cz\/byt-a-dum\/#CollectionPage","headline":"Byt a d\u016fm Category","description":"","url":"https:\/\/www.fragra.cz\/byt-a-dum\/","hasPart":[{"@type":"Article","@id":"https:\/\/www.fragra.cz\/bydlet-muzete-za-par-tydnu\/","headline":"Bydlet m\u016f\u017eete za p\u00e1r t\u00fddn\u016f","url":"https:\/\/www.fragra.cz\/bydlet-muzete-za-par-tydnu\/","datePublished":"2024-04-13","dateModified":"2024-05-13","mainEntityOfPage":"https:\/\/www.fragra.cz\/bydlet-muzete-za-par-tydnu\/","author":{"@type":"Person","@id":"https:\/\/www.fragra.cz\/author\/#Person","name":"","url":"https:\/\/www.fragra.cz\/author\/","identifier":1,"image":{"@type":"ImageObject","@id":"https:\/\/secure.gravatar.com\/avatar\/93f351f97d5e20a41105810347d62b8b573eebe9313df1f71432877ed17f5f1a?s=96&d=mm&r=g","url":"https:\/\/secure.gravatar.com\/avatar\/93f351f97d5e20a41105810347d62b8b573eebe9313df1f71432877ed17f5f1a?s=96&d=mm&r=g","height":96,"width":96}},"publisher":{"@type":"Organization","name":"fragra.cz","logo":{"@type":"ImageObject","@id":"\/logo.png","url":"\/logo.png","width":600,"height":60}},"image":{"@type":"ImageObject","@id":"https:\/\/www.fragra.cz\/wp-content\/uploads\/new-home-1664325_640_4.jpg","url":"https:\/\/www.fragra.cz\/wp-content\/uploads\/new-home-1664325_640_4.jpg","height":0,"width":0},"keywords":null},{"@type":"Article","@id":"https:\/\/www.fragra.cz\/jak-zvolit-spravnou-velikost-bytu-ci-domu\/","headline":"Jak zvolit spr\u00e1vnou velikost bytu \u010di domu","url":"https:\/\/www.fragra.cz\/jak-zvolit-spravnou-velikost-bytu-ci-domu\/","datePublished":"2023-09-08","dateModified":"2024-02-09","mainEntityOfPage":"https:\/\/www.fragra.cz\/jak-zvolit-spravnou-velikost-bytu-ci-domu\/","author":{"@type":"Person","@id":"https:\/\/www.fragra.cz\/author\/#Person","name":"","url":"https:\/\/www.fragra.cz\/author\/","identifier":1,"image":{"@type":"ImageObject","@id":"https:\/\/secure.gravatar.com\/avatar\/93f351f97d5e20a41105810347d62b8b573eebe9313df1f71432877ed17f5f1a?s=96&d=mm&r=g","url":"https:\/\/secure.gravatar.com\/avatar\/93f351f97d5e20a41105810347d62b8b573eebe9313df1f71432877ed17f5f1a?s=96&d=mm&r=g","height":96,"width":96}},"publisher":{"@type":"Organization","name":"fragra.cz","logo":{"@type":"ImageObject","@id":"\/logo.png","url":"\/logo.png","width":600,"height":60}},"image":{"@type":"ImageObject","@id":"https:\/\/www.fragra.cz\/wp-content\/uploads\/bydliste2_2.jpg","url":"https:\/\/www.fragra.cz\/wp-content\/uploads\/bydliste2_2.jpg","height":0,"width":0},"keywords":null},{"@type":"Article","@id":"https:\/\/www.fragra.cz\/byt-a-nebo-dum\/","headline":"Byt a nebo d\u016fm?","url":"https:\/\/www.fragra.cz\/byt-a-nebo-dum\/","datePublished":"2023-07-29","dateModified":"2024-04-29","mainEntityOfPage":"https:\/\/www.fragra.cz\/byt-a-nebo-dum\/","author":{"@type":"Person","@id":"https:\/\/www.fragra.cz\/author\/#Person","name":"","url":"https:\/\/www.fragra.cz\/author\/","identifier":1,"image":{"@type":"ImageObject","@id":"https:\/\/secure.gravatar.com\/avatar\/93f351f97d5e20a41105810347d62b8b573eebe9313df1f71432877ed17f5f1a?s=96&d=mm&r=g","url":"https:\/\/secure.gravatar.com\/avatar\/93f351f97d5e20a41105810347d62b8b573eebe9313df1f71432877ed17f5f1a?s=96&d=mm&r=g","height":96,"width":96}},"publisher":{"@type":"Organization","name":"fragra.cz","logo":{"@type":"ImageObject","@id":"\/logo.png","url":"\/logo.png","width":600,"height":60}},"image":{"@type":"ImageObject","@id":"https:\/\/www.fragra.cz\/wp-content\/uploads\/bed-6830011_1280.jpg","url":"https:\/\/www.fragra.cz\/wp-content\/uploads\/bed-6830011_1280.jpg","height":0,"width":0},"keywords":null},{"@type":"Article","@id":"https:\/\/www.fragra.cz\/prostor-jako-nedostatkove-zbozi\/","headline":"Prostor jako nedostatkov\u00e9 zbo\u017e\u00ed","url":"https:\/\/www.fragra.cz\/prostor-jako-nedostatkove-zbozi\/","datePublished":"2022-12-30","dateModified":"2023-11-30","mainEntityOfPage":"https:\/\/www.fragra.cz\/prostor-jako-nedostatkove-zbozi\/","author":{"@type":"Person","@id":"https:\/\/www.fragra.cz\/author\/#Person","name":"","url":"https:\/\/www.fragra.cz\/author\/","identifier":1,"image":{"@type":"ImageObject","@id":"https:\/\/secure.gravatar.com\/avatar\/93f351f97d5e20a41105810347d62b8b573eebe9313df1f71432877ed17f5f1a?s=96&d=mm&r=g","url":"https:\/\/secure.gravatar.com\/avatar\/93f351f97d5e20a41105810347d62b8b573eebe9313df1f71432877ed17f5f1a?s=96&d=mm&r=g","height":96,"width":96}},"publisher":{"@type":"Organization","name":"fragra.cz","logo":{"@type":"ImageObject","@id":"\/logo.png","url":"\/logo.png","width":600,"height":60}},"image":{"@type":"ImageObject","@id":"https:\/\/www.fragra.cz\/wp-content\/uploads\/house-7124141_640_1.jpg","url":"https:\/\/www.fragra.cz\/wp-content\/uploads\/house-7124141_640_1.jpg","height":0,"width":0},"keywords":null}]}